{"id":7242,"date":"2023-08-23T17:28:37","date_gmt":"2023-08-23T21:28:37","guid":{"rendered":"https:\/\/montrealtips.com\/?p=7242"},"modified":"2023-08-23T17:30:16","modified_gmt":"2023-08-23T21:30:16","slug":"montreals-newest-public-art-exhibit-challenges-perceptions-of-the-developing-world","status":"publish","type":"post","link":"https:\/\/montrealtips.com\/fr\/2023\/08\/23\/montreals-newest-public-art-exhibit-challenges-perceptions-of-the-developing-world\/","title":{"rendered":"La plus r\u00e9cente exposition d&#039;art public de Montr\u00e9al remet en question les perceptions du monde en d\u00e9veloppement"},"content":{"rendered":"<p><a href=\"https:\/\/montrealtips.com\/wp-content\/uploads\/2023\/08\/FinDev-Canada-art-exhibit_main-photo-scaled.jpg\"><img loading=\"lazy\" decoding=\"async\" class=\"aligncenter size-large wp-image-7243\" src=\"https:\/\/montrealtips.com\/wp-content\/uploads\/2023\/08\/FinDev-Canada-art-exhibit_main-photo-1030x689.jpg\" alt=\"\" width=\"1030\" height=\"689\" srcset=\"https:\/\/montrealtips.com\/wp-content\/uploads\/2023\/08\/FinDev-Canada-art-exhibit_main-photo-1030x689.jpg 1030w, https:\/\/montrealtips.com\/wp-content\/uploads\/2023\/08\/FinDev-Canada-art-exhibit_main-photo-300x201.jpg 300w, https:\/\/montrealtips.com\/wp-content\/uploads\/2023\/08\/FinDev-Canada-art-exhibit_main-photo-768x513.jpg 768w, https:\/\/montrealtips.com\/wp-content\/uploads\/2023\/08\/FinDev-Canada-art-exhibit_main-photo-1536x1027.jpg 1536w, https:\/\/montrealtips.com\/wp-content\/uploads\/2023\/08\/FinDev-Canada-art-exhibit_main-photo-2048x1369.jpg 2048w, https:\/\/montrealtips.com\/wp-content\/uploads\/2023\/08\/FinDev-Canada-art-exhibit_main-photo-1500x1003.jpg 1500w, https:\/\/montrealtips.com\/wp-content\/uploads\/2023\/08\/FinDev-Canada-art-exhibit_main-photo-705x471.jpg 705w\" sizes=\"auto, (max-width: 1030px) 100vw, 1030px\" \/><\/a><\/p>\n<p><strong><i>Mettre en lumi\u00e8re le potentiel : l&#039;investissement du secteur priv\u00e9 dans les march\u00e9s \u00e9mergents <\/i>Ce document raconte l&#039;histoire de neuf projets soutenus par FinDev Canada et comment ils contribuent \u00e0 l&#039;avancement du changement environnemental, social et \u00e9conomique.\u00a0<\/strong><\/p>\n<hr \/>\n<p><span style=\"font-weight: 400;\">Une nouvelle exposition de photographies \u00e0 l&#039;Esplanade PVM de Montr\u00e9al, \u00e0 la Place Ville Marie, mettra en lumi\u00e8re le potentiel des entreprises dans les march\u00e9s \u00e9mergents et les \u00e9conomies en d\u00e9veloppement, ainsi que la promesse des investissements priv\u00e9s pour influencer l&#039;action climatique, le d\u00e9veloppement des march\u00e9s et l&#039;autonomisation \u00e9conomique des femmes.\u00a0<\/span><\/p>\n<p><span style=\"font-weight: 400;\">\u00c0 voir du 24 ao\u00fbt au 14 septembre 2023, <\/span><i><span style=\"font-weight: 400;\">Mettre en lumi\u00e8re le potentiel : l&#039;investissement du secteur priv\u00e9 dans les march\u00e9s \u00e9mergents <\/span><\/i><span style=\"font-weight: 400;\">est le fruit d&#039;une collaboration entre FinDev Canada et <\/span><a href=\"https:\/\/www.everydayprojects.org\/\"><span style=\"font-weight: 400;\">Les projets du quotidien<\/span><\/a><span style=\"font-weight: 400;\">, une organisation qui utilise la photographie pour lutter contre les st\u00e9r\u00e9otypes qui faussent notre compr\u00e9hension du monde en d\u00e9veloppement.<\/span><\/p>\n<p><span style=\"font-weight: 400;\">L&#039;exposition artistique pr\u00e9sente les histoires d&#039;initiatives du secteur priv\u00e9 dans <\/span><span style=\"font-weight: 400;\">Afrique subsaharienne, Am\u00e9rique latine et Cara\u00efbes\u00a0: les clients et partenaires de FinDev Canada. Des photographes locaux des r\u00e9gions concern\u00e9es par les projets ont immortalis\u00e9 la diversit\u00e9 des initiatives, des march\u00e9s et de leurs succ\u00e8s \u00e0 ce jour.\u00a0<\/span><\/p>\n<p><span style=\"font-weight: 400;\">Les visiteurs seront <\/span><span style=\"font-weight: 400;\">D\u00e9couvrez les histoires de projets soutenus par les clients de FinDev Canada, comme <\/span><span style=\"font-weight: 400;\">Sambazon, un producteur d&#039;aliments \u00e0 base d&#039;a\u00e7a\u00ef, soutenu par <\/span><a href=\"https:\/\/www.findevcanada.ca\/en\/what-we-do\/our-portfolio\/ecoenterprises-iii\"><span style=\"font-weight: 400;\">Fonds EcoEnterprises III<\/span><\/a><span style=\"font-weight: 400;\">, qui se consacre \u00e0 aider l&#039;Amazonie et ses habitants<\/span> <span style=\"font-weight: 400;\">Gr\u00e2ce \u00e0 une gestion durable de la for\u00eat amazonienne br\u00e9silienne, l&#039;entreprise emploie des centaines de Br\u00e9siliens \u00e0 l&#039;ann\u00e9e et ses produits sont vendus dans 51 pays \u00e0 travers le monde. Cette initiative met \u00e9galement l&#039;accent sur la cr\u00e9ation d&#039;emplois pour les femmes en milieu rural. <\/span><a href=\"https:\/\/www.findevcanada.ca\/en\/what-we-do\/our-portfolio\/la-corporacion-interamericana-para-el-financiamiento-de-infraestructura-sa\"><span style=\"font-weight: 400;\">CIFI<\/span><\/a><span style=\"font-weight: 400;\"> CIFI est un autre client de FinDev Canada pr\u00e9sent\u00e9 dans le cadre de cette vitrine publique. Cet organisme financier non bancaire, actif en Am\u00e9rique latine depuis 2001, facilite l&#039;acc\u00e8s au financement de la croissance verte dans les secteurs de l&#039;\u00e9nergie solaire, \u00e9olienne, des mini-centrales hydro\u00e9lectriques, des centrales \u00e0 biomasse et des services d&#039;eau et d&#039;assainissement. CIFI a permis \u00e0 pr\u00e8s de 2 millions de personnes d&#039;acc\u00e9der \u00e0 l&#039;\u00e9nergie propre gr\u00e2ce \u00e0 une capacit\u00e9 install\u00e9e de plus de 1\u00a0800 kWh r\u00e9partie sur ses projets.<\/span><\/p>\n<hr \/>\n<p><strong>Cette exposition est compl\u00e9t\u00e9e par une <a href=\"http:\/\/findevcanada.ca\/en\/highlighting-potential\">exp\u00e9rience num\u00e9rique<\/a> pour ceux qui ne peuvent pas y assister en personne.\u00a0<\/strong><\/p>\n<p><span style=\"font-weight: 400;\">FinDev Canada<\/span><span style=\"font-weight: 400;\"> est l\u2019institution de financement du d\u00e9veloppement du Canada. Par ses pr\u00eats et ses investissements, elle s\u2019efforce de mobiliser les investissements du secteur priv\u00e9 dans les march\u00e9s en d\u00e9veloppement afin de soutenir les initiatives du secteur priv\u00e9 qui favorisent une croissance \u00e9conomique durable et inclusive, conform\u00e9ment aux principes de la Soci\u00e9t\u00e9 canadienne des finances publiques. <\/span><a href=\"https:\/\/sdgs.un.org\/goals\"><span style=\"font-weight: 400;\">Objectifs de d\u00e9veloppement durable des Nations Unies<\/span><\/a><span style=\"font-weight: 400;\"> et l&#039;Accord de Paris<\/span><span style=\"font-weight: 400;\">.\u00a0<\/span><\/p>\n<p><span style=\"font-weight: 400;\">Au cours des cinq derni\u00e8res ann\u00e9es, FinDev Canada a <\/span><span style=\"font-weight: 400;\">Elle a soutenu plus de 61\u00a0000 emplois dans les pays \u00e0 revenu faible et interm\u00e9diaire, contribuant ainsi \u00e0 donner acc\u00e8s \u00e0 l\u2019\u00e9nergie, aux technologies et aux services financiers \u00e0 plus de 3,5 millions de personnes. Ses clients du secteur priv\u00e9 et ses partenaires institutionnels ont aid\u00e9 \u00e0 financer plus de 900\u00a0000 micro, petites et moyennes entreprises.\u00a0<\/span><\/p>\n<p><span style=\"font-weight: 400;\">L\u2019organisation a constitu\u00e9 un portefeuille d\u2019investissements du secteur priv\u00e9 totalisant plus de 1\u00a0047,5 milliards de dollars am\u00e9ricains aupr\u00e8s de 38 clients, g\u00e9n\u00e9rant des retomb\u00e9es positives en mati\u00e8re de d\u00e9veloppement \u00e9conomique, de cr\u00e9ation d\u2019emplois, de lutte contre les changements climatiques et d\u2019autonomisation \u00e9conomique des femmes. Plus du quart de ces engagements financiers appuient des initiatives de financement climatique dans des domaines tels que les \u00e9nergies renouvelables et la foresterie durable, et les deux tiers visent \u00e0 promouvoir l\u2019autonomisation \u00e9conomique des femmes gr\u00e2ce \u00e0 un meilleur acc\u00e8s au financement, \u00e0 des possibilit\u00e9s de leadership, \u00e0 des emplois de qualit\u00e9 et \u00e0 la participation \u00e9conomique. Dans le cadre de la Strat\u00e9gie indopacifique du Canada, l\u2019organisation \u00e9tendra son champ d\u2019action \u00e0 la r\u00e9gion, tout en continuant de privil\u00e9gier l\u2019investissement durable en Afrique subsaharienne, en Am\u00e9rique latine et dans les Cara\u00efbes.\u00a0<\/span><\/p>\n<p><span style=\"font-weight: 400;\">FinDev Canada a soutenu les clients suivants, pr\u00e9sent\u00e9s dans l&#039;exposition\u00a0:<\/span><\/p>\n<p><a href=\"https:\/\/www.findevcanada.ca\/en\/what-we-do\/our-portfolio\/la-corporacion-interamericana-para-el-financiamiento-de-infraestructura-sa\"><span style=\"font-weight: 400;\">CIFI <\/span><\/a><span style=\"font-weight: 400;\">| Banverde<\/span><\/p>\n<p><a href=\"https:\/\/www.findevcanada.ca\/en\/what-we-do\/our-portfolio\/climate-investor-one\"><span style=\"font-weight: 400;\">Investisseur climatique One<\/span><\/a><span style=\"font-weight: 400;\"> | Le projet Tra Vinh<\/span><\/p>\n<p><a href=\"https:\/\/www.findevcanada.ca\/en\/what-we-do\/our-portfolio\/ecoenterprises-iii\"><span style=\"font-weight: 400;\">Fonds EcoEnterprises III<\/span><\/a><span style=\"font-weight: 400;\"> | Sambazon<\/span><\/p>\n<p><a href=\"https:\/\/www.findevcanada.ca\/en\/what-we-do\/our-portfolio\/energy-entrepreneurs-growth-fund\"><span style=\"font-weight: 400;\">Fonds de croissance des entrepreneurs du secteur de l&#039;\u00e9nergie<\/span><\/a><span style=\"font-weight: 400;\"> | Altech<\/span><\/p>\n<p><a href=\"https:\/\/www.findevcanada.ca\/en\/what-we-do\/our-portfolio\/export-trading-group-etg\"><span style=\"font-weight: 400;\">Groupe de commerce d&#039;exportation (ETG)<\/span><\/a><\/p>\n<p><a href=\"https:\/\/www.findevcanada.ca\/en\/what-we-do\/our-portfolio\/jmmb-bank\"><span style=\"font-weight: 400;\">Banque JMMB<\/span><\/a><span style=\"font-weight: 400;\"> | Kozy Korners Livres et plus<\/span><\/p>\n<p><a href=\"https:\/\/www.findevcanada.ca\/en\/what-we-do\/our-portfolio\/miro-forestry\"><span style=\"font-weight: 400;\">For\u00eat de Miro<\/span><\/a><\/p>\n<p><a href=\"https:\/\/www.findevcanada.ca\/en\/what-we-do\/our-portfolio\/phatisa-food-fund-2\"><span style=\"font-weight: 400;\">Fonds alimentaire Phatisa 2<\/span><\/a><span style=\"font-weight: 400;\"> | Groupe Lona<\/span><\/p>\n<p><span style=\"font-weight: 400;\">D\u00e9couvrez-en plus sur FinDev Canada\u00a0<\/span><a href=\"http:\/\/www.findevcanada.ca\/\"><span style=\"font-weight: 400;\">ici<\/span><\/a><span style=\"font-weight: 400;\">.<\/span><span style=\"font-weight: 400;\">\u00a0\u00a0\u00a0<\/span><\/p>\n<hr \/>\n<p><b>\u00c0 propos des projets du quotidien\u00a0<\/b><\/p>\n<p><span style=\"font-weight: 400;\">Everyday Projects est une organisation \u00e0 but non lucratif qui utilise la photographie pour lutter contre les st\u00e9r\u00e9otypes qui faussent notre perception du monde. Sa communaut\u00e9 mondiale de photographes, en constante expansion, s&#039;efforce de cr\u00e9er des images qui refl\u00e8tent plus fid\u00e8lement la r\u00e9alit\u00e9 quotidienne que ce que l&#039;on voit habituellement dans les m\u00e9dias.<\/span><\/p>\n<p>&nbsp;<\/p>\n<p><span style=\"font-weight: 400;\">\u00a0\u00a0\u00a0<\/span><\/p>\n<p>&nbsp;<\/p>","protected":false},"excerpt":{"rendered":"<p>Highlighting Potential: Private Sector Investment in Emerging Markets tells the story of nine projects supported by FinDev Canada and how they are advancing environmental, social and economic change.\u00a0 A new photography exhibit at Montreal\u2019s Esplanade PVM at Place Ville Marie will showcase the potential of businesses in emerging markets and developing economies and the promise [&hellip;]<\/p>\n","protected":false},"author":1,"featured_media":7243,"comment_status":"closed","ping_status":"closed","sticky":false,"template":"","format":"standard","meta":{"footnotes":""},"categories":[48],"tags":[],"class_list":["post-7242","post","type-post","status-publish","format-standard","has-post-thumbnail","hentry","category-feature"],"yoast_head":"<!-- This site is optimized with the Yoast SEO plugin v27.4 - https:\/\/yoast.com\/product\/yoast-seo-wordpress\/ -->\n<title>Montreal\u2019s newest public art exhibit challenges perceptions of the developing world -<\/title>\n<meta name=\"robots\" content=\"index, follow, max-snippet:-1, max-image-preview:large, max-video-preview:-1\" \/>\n<link rel=\"canonical\" href=\"https:\/\/montrealtips.com\/fr\/2023\/08\/23\/montreals-newest-public-art-exhibit-challenges-perceptions-of-the-developing-world\/\" \/>\n<meta property=\"og:locale\" content=\"fr_CA\" \/>\n<meta property=\"og:type\" content=\"article\" \/>\n<meta property=\"og:title\" content=\"Montreal\u2019s newest public art exhibit challenges perceptions of the developing world -\" \/>\n<meta property=\"og:description\" content=\"Highlighting Potential: Private Sector Investment in Emerging Markets tells the story of nine projects supported by FinDev Canada and how they are advancing environmental, social and economic change.\u00a0 A new photography exhibit at Montreal\u2019s Esplanade PVM at Place Ville Marie will showcase the potential of businesses in emerging markets and developing economies and the promise [&hellip;]\" \/>\n<meta property=\"og:url\" content=\"https:\/\/montrealtips.com\/fr\/2023\/08\/23\/montreals-newest-public-art-exhibit-challenges-perceptions-of-the-developing-world\/\" \/>\n<meta property=\"og:site_name\" content=\"Montreal Tips\" \/>\n<meta property=\"article:publisher\" content=\"https:\/\/www.facebook.com\/mtltips\/\" \/>\n<meta property=\"article:author\" content=\"https:\/\/www.facebook.com\/TarekRiman\" \/>\n<meta property=\"article:published_time\" content=\"2023-08-23T21:28:37+00:00\" \/>\n<meta property=\"article:modified_time\" content=\"2023-08-23T21:30:16+00:00\" \/>\n<meta property=\"og:image\" content=\"https:\/\/montrealtips.com\/wp-content\/uploads\/2023\/08\/FinDev-Canada-art-exhibit_main-photo-scaled.jpg\" \/>\n\t<meta property=\"og:image:width\" content=\"2560\" \/>\n\t<meta property=\"og:image:height\" content=\"1711\" \/>\n\t<meta property=\"og:image:type\" content=\"image\/jpeg\" \/>\n<meta name=\"author\" content=\"T Riman\" \/>\n<meta name=\"twitter:card\" content=\"summary_large_image\" \/>\n<meta name=\"twitter:creator\" content=\"@https:\/\/twitter.com\/tarekriman\" \/>\n<meta name=\"twitter:site\" content=\"@mtltips\" \/>\n<meta name=\"twitter:label1\" content=\"\u00c9crit par\" \/>\n\t<meta name=\"twitter:data1\" content=\"T Riman\" \/>\n\t<meta name=\"twitter:label2\" content=\"Estimation du temps de lecture\" \/>\n\t<meta name=\"twitter:data2\" content=\"3 minutes\" \/>\n<script type=\"application\/ld+json\" class=\"yoast-schema-graph\">{\"@context\":\"https:\\\/\\\/schema.org\",\"@graph\":[{\"@type\":\"Article\",\"@id\":\"https:\\\/\\\/montrealtips.com\\\/2023\\\/08\\\/23\\\/montreals-newest-public-art-exhibit-challenges-perceptions-of-the-developing-world\\\/#article\",\"isPartOf\":{\"@id\":\"https:\\\/\\\/montrealtips.com\\\/2023\\\/08\\\/23\\\/montreals-newest-public-art-exhibit-challenges-perceptions-of-the-developing-world\\\/\"},\"author\":{\"name\":\"T Riman\",\"@id\":\"https:\\\/\\\/montrealtips.com\\\/#\\\/schema\\\/person\\\/e3c259a8f39d1a9abdf0810bb1ff1410\"},\"headline\":\"Montreal\u2019s newest public art exhibit challenges perceptions of the developing world\",\"datePublished\":\"2023-08-23T21:28:37+00:00\",\"dateModified\":\"2023-08-23T21:30:16+00:00\",\"mainEntityOfPage\":{\"@id\":\"https:\\\/\\\/montrealtips.com\\\/2023\\\/08\\\/23\\\/montreals-newest-public-art-exhibit-challenges-perceptions-of-the-developing-world\\\/\"},\"wordCount\":635,\"publisher\":{\"@id\":\"https:\\\/\\\/montrealtips.com\\\/#organization\"},\"image\":{\"@id\":\"https:\\\/\\\/montrealtips.com\\\/2023\\\/08\\\/23\\\/montreals-newest-public-art-exhibit-challenges-perceptions-of-the-developing-world\\\/#primaryimage\"},\"thumbnailUrl\":\"https:\\\/\\\/montrealtips.com\\\/wp-content\\\/uploads\\\/2023\\\/08\\\/FinDev-Canada-art-exhibit_main-photo-scaled.jpg\",\"articleSection\":[\"Feature\"],\"inLanguage\":\"fr-CA\"},{\"@type\":\"WebPage\",\"@id\":\"https:\\\/\\\/montrealtips.com\\\/2023\\\/08\\\/23\\\/montreals-newest-public-art-exhibit-challenges-perceptions-of-the-developing-world\\\/\",\"url\":\"https:\\\/\\\/montrealtips.com\\\/2023\\\/08\\\/23\\\/montreals-newest-public-art-exhibit-challenges-perceptions-of-the-developing-world\\\/\",\"name\":\"Montreal\u2019s newest public art exhibit challenges perceptions of the developing world -\",\"isPartOf\":{\"@id\":\"https:\\\/\\\/montrealtips.com\\\/#website\"},\"primaryImageOfPage\":{\"@id\":\"https:\\\/\\\/montrealtips.com\\\/2023\\\/08\\\/23\\\/montreals-newest-public-art-exhibit-challenges-perceptions-of-the-developing-world\\\/#primaryimage\"},\"image\":{\"@id\":\"https:\\\/\\\/montrealtips.com\\\/2023\\\/08\\\/23\\\/montreals-newest-public-art-exhibit-challenges-perceptions-of-the-developing-world\\\/#primaryimage\"},\"thumbnailUrl\":\"https:\\\/\\\/montrealtips.com\\\/wp-content\\\/uploads\\\/2023\\\/08\\\/FinDev-Canada-art-exhibit_main-photo-scaled.jpg\",\"datePublished\":\"2023-08-23T21:28:37+00:00\",\"dateModified\":\"2023-08-23T21:30:16+00:00\",\"breadcrumb\":{\"@id\":\"https:\\\/\\\/montrealtips.com\\\/2023\\\/08\\\/23\\\/montreals-newest-public-art-exhibit-challenges-perceptions-of-the-developing-world\\\/#breadcrumb\"},\"inLanguage\":\"fr-CA\",\"potentialAction\":[{\"@type\":\"ReadAction\",\"target\":[\"https:\\\/\\\/montrealtips.com\\\/2023\\\/08\\\/23\\\/montreals-newest-public-art-exhibit-challenges-perceptions-of-the-developing-world\\\/\"]}]},{\"@type\":\"ImageObject\",\"inLanguage\":\"fr-CA\",\"@id\":\"https:\\\/\\\/montrealtips.com\\\/2023\\\/08\\\/23\\\/montreals-newest-public-art-exhibit-challenges-perceptions-of-the-developing-world\\\/#primaryimage\",\"url\":\"https:\\\/\\\/montrealtips.com\\\/wp-content\\\/uploads\\\/2023\\\/08\\\/FinDev-Canada-art-exhibit_main-photo-scaled.jpg\",\"contentUrl\":\"https:\\\/\\\/montrealtips.com\\\/wp-content\\\/uploads\\\/2023\\\/08\\\/FinDev-Canada-art-exhibit_main-photo-scaled.jpg\",\"width\":2560,\"height\":1711},{\"@type\":\"BreadcrumbList\",\"@id\":\"https:\\\/\\\/montrealtips.com\\\/2023\\\/08\\\/23\\\/montreals-newest-public-art-exhibit-challenges-perceptions-of-the-developing-world\\\/#breadcrumb\",\"itemListElement\":[{\"@type\":\"ListItem\",\"position\":1,\"name\":\"Home\",\"item\":\"https:\\\/\\\/montrealtips.com\\\/\"},{\"@type\":\"ListItem\",\"position\":2,\"name\":\"Montreal\u2019s newest public art exhibit challenges perceptions of the developing world\"}]},{\"@type\":\"WebSite\",\"@id\":\"https:\\\/\\\/montrealtips.com\\\/#website\",\"url\":\"https:\\\/\\\/montrealtips.com\\\/\",\"name\":\"Montreal Tips\",\"description\":\"Montreal Updates, Features and Articles\",\"publisher\":{\"@id\":\"https:\\\/\\\/montrealtips.com\\\/#organization\"},\"potentialAction\":[{\"@type\":\"SearchAction\",\"target\":{\"@type\":\"EntryPoint\",\"urlTemplate\":\"https:\\\/\\\/montrealtips.com\\\/?s={search_term_string}\"},\"query-input\":{\"@type\":\"PropertyValueSpecification\",\"valueRequired\":true,\"valueName\":\"search_term_string\"}}],\"inLanguage\":\"fr-CA\"},{\"@type\":\"Organization\",\"@id\":\"https:\\\/\\\/montrealtips.com\\\/#organization\",\"name\":\"Montreal Tips\",\"url\":\"https:\\\/\\\/montrealtips.com\\\/\",\"logo\":{\"@type\":\"ImageObject\",\"inLanguage\":\"fr-CA\",\"@id\":\"https:\\\/\\\/montrealtips.com\\\/#\\\/schema\\\/logo\\\/image\\\/\",\"url\":\"https:\\\/\\\/montrealtips.com\\\/wp-content\\\/uploads\\\/2018\\\/08\\\/Untitled-2.jpg\",\"contentUrl\":\"https:\\\/\\\/montrealtips.com\\\/wp-content\\\/uploads\\\/2018\\\/08\\\/Untitled-2.jpg\",\"width\":1206,\"height\":1084,\"caption\":\"Montreal Tips\"},\"image\":{\"@id\":\"https:\\\/\\\/montrealtips.com\\\/#\\\/schema\\\/logo\\\/image\\\/\"},\"sameAs\":[\"https:\\\/\\\/www.facebook.com\\\/mtltips\\\/\",\"https:\\\/\\\/x.com\\\/mtltips\",\"https:\\\/\\\/www.instagram.com\\\/mtltips\\\/\",\"https:\\\/\\\/www.linkedin.com\\\/company\\\/montreal-tips\\\/\",\"https:\\\/\\\/www.pinterest.ca\\\/mtltips\\\/\"]},{\"@type\":\"Person\",\"@id\":\"https:\\\/\\\/montrealtips.com\\\/#\\\/schema\\\/person\\\/e3c259a8f39d1a9abdf0810bb1ff1410\",\"name\":\"T Riman\",\"image\":{\"@type\":\"ImageObject\",\"inLanguage\":\"fr-CA\",\"@id\":\"https:\\\/\\\/secure.gravatar.com\\\/avatar\\\/2d2b95885d04a3d6f2ea2efc366419bfc75af7f324282a3c275d0f22578685c3?s=96&d=mm&r=g\",\"url\":\"https:\\\/\\\/secure.gravatar.com\\\/avatar\\\/2d2b95885d04a3d6f2ea2efc366419bfc75af7f324282a3c275d0f22578685c3?s=96&d=mm&r=g\",\"contentUrl\":\"https:\\\/\\\/secure.gravatar.com\\\/avatar\\\/2d2b95885d04a3d6f2ea2efc366419bfc75af7f324282a3c275d0f22578685c3?s=96&d=mm&r=g\",\"caption\":\"T Riman\"},\"description\":\"Marketer | Speaker | Best Selling Author | University Professor With a passion for exploration and sharing new discoveries, I also founded Montrealtips.com, with proceeds going to the Breakfast Club of Canada, UN Refugee Agency, Montreal Children's Hospital and other causes. I am also involved with NGOs &amp; charities in Canada &amp; worldwide. As an author, I launched my first book, \\\"The Camino Within\\\", and it became an Amazon international bestseller. I also enjoy contributing posts to the Huffington Post, Thrive Global &amp; Social Media Today. As a speaker, I give workshops and presentations on topics such as Analytics for Businesses and Entrepreneurs, SEO for Entrepreneurs, Digital Marketing for Businesses, &amp; Content Marketing.\",\"sameAs\":[\"https:\\\/\\\/www.facebook.com\\\/TarekRiman\",\"http:\\\/\\\/ca.linkedin.com\\\/in\\\/tarekriman\\\/\",\"https:\\\/\\\/x.com\\\/https:\\\/\\\/twitter.com\\\/tarekriman\"],\"url\":\"https:\\\/\\\/montrealtips.com\\\/fr\\\/author\\\/tarekriman\\\/\"}]}<\/script>\n<!-- \/ Yoast SEO plugin. -->","yoast_head_json":{"title":"Montreal\u2019s newest public art exhibit challenges perceptions of the developing world -","robots":{"index":"index","follow":"follow","max-snippet":"max-snippet:-1","max-image-preview":"max-image-preview:large","max-video-preview":"max-video-preview:-1"},"canonical":"https:\/\/montrealtips.com\/fr\/2023\/08\/23\/montreals-newest-public-art-exhibit-challenges-perceptions-of-the-developing-world\/","og_locale":"fr_CA","og_type":"article","og_title":"Montreal\u2019s newest public art exhibit challenges perceptions of the developing world -","og_description":"Highlighting Potential: Private Sector Investment in Emerging Markets tells the story of nine projects supported by FinDev Canada and how they are advancing environmental, social and economic change.\u00a0 A new photography exhibit at Montreal\u2019s Esplanade PVM at Place Ville Marie will showcase the potential of businesses in emerging markets and developing economies and the promise [&hellip;]","og_url":"https:\/\/montrealtips.com\/fr\/2023\/08\/23\/montreals-newest-public-art-exhibit-challenges-perceptions-of-the-developing-world\/","og_site_name":"Montreal Tips","article_publisher":"https:\/\/www.facebook.com\/mtltips\/","article_author":"https:\/\/www.facebook.com\/TarekRiman","article_published_time":"2023-08-23T21:28:37+00:00","article_modified_time":"2023-08-23T21:30:16+00:00","og_image":[{"width":2560,"height":1711,"url":"https:\/\/montrealtips.com\/wp-content\/uploads\/2023\/08\/FinDev-Canada-art-exhibit_main-photo-scaled.jpg","type":"image\/jpeg"}],"author":"T Riman","twitter_card":"summary_large_image","twitter_creator":"@https:\/\/twitter.com\/tarekriman","twitter_site":"@mtltips","twitter_misc":{"\u00c9crit par":"T Riman","Estimation du temps de lecture":"3 minutes"},"schema":{"@context":"https:\/\/schema.org","@graph":[{"@type":"Article","@id":"https:\/\/montrealtips.com\/2023\/08\/23\/montreals-newest-public-art-exhibit-challenges-perceptions-of-the-developing-world\/#article","isPartOf":{"@id":"https:\/\/montrealtips.com\/2023\/08\/23\/montreals-newest-public-art-exhibit-challenges-perceptions-of-the-developing-world\/"},"author":{"name":"T Riman","@id":"https:\/\/montrealtips.com\/#\/schema\/person\/e3c259a8f39d1a9abdf0810bb1ff1410"},"headline":"Montreal\u2019s newest public art exhibit challenges perceptions of the developing world","datePublished":"2023-08-23T21:28:37+00:00","dateModified":"2023-08-23T21:30:16+00:00","mainEntityOfPage":{"@id":"https:\/\/montrealtips.com\/2023\/08\/23\/montreals-newest-public-art-exhibit-challenges-perceptions-of-the-developing-world\/"},"wordCount":635,"publisher":{"@id":"https:\/\/montrealtips.com\/#organization"},"image":{"@id":"https:\/\/montrealtips.com\/2023\/08\/23\/montreals-newest-public-art-exhibit-challenges-perceptions-of-the-developing-world\/#primaryimage"},"thumbnailUrl":"https:\/\/montrealtips.com\/wp-content\/uploads\/2023\/08\/FinDev-Canada-art-exhibit_main-photo-scaled.jpg","articleSection":["Feature"],"inLanguage":"fr-CA"},{"@type":"WebPage","@id":"https:\/\/montrealtips.com\/2023\/08\/23\/montreals-newest-public-art-exhibit-challenges-perceptions-of-the-developing-world\/","url":"https:\/\/montrealtips.com\/2023\/08\/23\/montreals-newest-public-art-exhibit-challenges-perceptions-of-the-developing-world\/","name":"Montreal\u2019s newest public art exhibit challenges perceptions of the developing world -","isPartOf":{"@id":"https:\/\/montrealtips.com\/#website"},"primaryImageOfPage":{"@id":"https:\/\/montrealtips.com\/2023\/08\/23\/montreals-newest-public-art-exhibit-challenges-perceptions-of-the-developing-world\/#primaryimage"},"image":{"@id":"https:\/\/montrealtips.com\/2023\/08\/23\/montreals-newest-public-art-exhibit-challenges-perceptions-of-the-developing-world\/#primaryimage"},"thumbnailUrl":"https:\/\/montrealtips.com\/wp-content\/uploads\/2023\/08\/FinDev-Canada-art-exhibit_main-photo-scaled.jpg","datePublished":"2023-08-23T21:28:37+00:00","dateModified":"2023-08-23T21:30:16+00:00","breadcrumb":{"@id":"https:\/\/montrealtips.com\/2023\/08\/23\/montreals-newest-public-art-exhibit-challenges-perceptions-of-the-developing-world\/#breadcrumb"},"inLanguage":"fr-CA","potentialAction":[{"@type":"ReadAction","target":["https:\/\/montrealtips.com\/2023\/08\/23\/montreals-newest-public-art-exhibit-challenges-perceptions-of-the-developing-world\/"]}]},{"@type":"ImageObject","inLanguage":"fr-CA","@id":"https:\/\/montrealtips.com\/2023\/08\/23\/montreals-newest-public-art-exhibit-challenges-perceptions-of-the-developing-world\/#primaryimage","url":"https:\/\/montrealtips.com\/wp-content\/uploads\/2023\/08\/FinDev-Canada-art-exhibit_main-photo-scaled.jpg","contentUrl":"https:\/\/montrealtips.com\/wp-content\/uploads\/2023\/08\/FinDev-Canada-art-exhibit_main-photo-scaled.jpg","width":2560,"height":1711},{"@type":"BreadcrumbList","@id":"https:\/\/montrealtips.com\/2023\/08\/23\/montreals-newest-public-art-exhibit-challenges-perceptions-of-the-developing-world\/#breadcrumb","itemListElement":[{"@type":"ListItem","position":1,"name":"Home","item":"https:\/\/montrealtips.com\/"},{"@type":"ListItem","position":2,"name":"Montreal\u2019s newest public art exhibit challenges perceptions of the developing world"}]},{"@type":"WebSite","@id":"https:\/\/montrealtips.com\/#website","url":"https:\/\/montrealtips.com\/","name":"Conseils pour Montr\u00e9al","description":"Actualit\u00e9s, reportages et articles sur Montr\u00e9al","publisher":{"@id":"https:\/\/montrealtips.com\/#organization"},"potentialAction":[{"@type":"SearchAction","target":{"@type":"EntryPoint","urlTemplate":"https:\/\/montrealtips.com\/?s={search_term_string}"},"query-input":{"@type":"PropertyValueSpecification","valueRequired":true,"valueName":"search_term_string"}}],"inLanguage":"fr-CA"},{"@type":"Organization","@id":"https:\/\/montrealtips.com\/#organization","name":"Conseils pour Montr\u00e9al","url":"https:\/\/montrealtips.com\/","logo":{"@type":"ImageObject","inLanguage":"fr-CA","@id":"https:\/\/montrealtips.com\/#\/schema\/logo\/image\/","url":"https:\/\/montrealtips.com\/wp-content\/uploads\/2018\/08\/Untitled-2.jpg","contentUrl":"https:\/\/montrealtips.com\/wp-content\/uploads\/2018\/08\/Untitled-2.jpg","width":1206,"height":1084,"caption":"Montreal Tips"},"image":{"@id":"https:\/\/montrealtips.com\/#\/schema\/logo\/image\/"},"sameAs":["https:\/\/www.facebook.com\/mtltips\/","https:\/\/x.com\/mtltips","https:\/\/www.instagram.com\/mtltips\/","https:\/\/www.linkedin.com\/company\/montreal-tips\/","https:\/\/www.pinterest.ca\/mtltips\/"]},{"@type":"Person","@id":"https:\/\/montrealtips.com\/#\/schema\/person\/e3c259a8f39d1a9abdf0810bb1ff1410","name":"T Riman","image":{"@type":"ImageObject","inLanguage":"fr-CA","@id":"https:\/\/secure.gravatar.com\/avatar\/2d2b95885d04a3d6f2ea2efc366419bfc75af7f324282a3c275d0f22578685c3?s=96&d=mm&r=g","url":"https:\/\/secure.gravatar.com\/avatar\/2d2b95885d04a3d6f2ea2efc366419bfc75af7f324282a3c275d0f22578685c3?s=96&d=mm&r=g","contentUrl":"https:\/\/secure.gravatar.com\/avatar\/2d2b95885d04a3d6f2ea2efc366419bfc75af7f324282a3c275d0f22578685c3?s=96&d=mm&r=g","caption":"T Riman"},"description":"Sp\u00e9cialiste du marketing | Conf\u00e9renci\u00e8re | Auteure \u00e0 succ\u00e8s | Professeure d&#039;universit\u00e9. Passionn\u00e9e par l&#039;exploration et le partage de nouvelles d\u00e9couvertes, j&#039;ai \u00e9galement fond\u00e9 Montrealtips.com, dont les b\u00e9n\u00e9fices sont revers\u00e9s au Club des petits d\u00e9jeuners du Canada, au Haut-Commissariat des Nations Unies pour les r\u00e9fugi\u00e9s, \u00e0 l&#039;H\u00f4pital de Montr\u00e9al pour enfants et \u00e0 d&#039;autres causes. Je m&#039;implique aussi aupr\u00e8s d&#039;ONG et d&#039;organismes caritatifs au Canada et \u00e0 l&#039;international. Mon premier livre, \"\u00a0The Camino Within\u00a0\", est devenu un best-seller international sur Amazon. Je contribue r\u00e9guli\u00e8rement au Huffington Post, \u00e0 Thrive Global et \u00e0 Social Media Today. En tant que conf\u00e9renci\u00e8re, j&#039;anime des ateliers et des pr\u00e9sentations sur des sujets tels que l&#039;analyse de donn\u00e9es pour les entreprises et les entrepreneurs, le r\u00e9f\u00e9rencement pour les entrepreneurs, le marketing num\u00e9rique et le marketing de contenu.","sameAs":["https:\/\/www.facebook.com\/TarekRiman","http:\/\/ca.linkedin.com\/in\/tarekriman\/","https:\/\/x.com\/https:\/\/twitter.com\/tarekriman"],"url":"https:\/\/montrealtips.com\/fr\/author\/tarekriman\/"}]}},"_links":{"self":[{"href":"https:\/\/montrealtips.com\/fr\/wp-json\/wp\/v2\/posts\/7242","targetHints":{"allow":["GET"]}}],"collection":[{"href":"https:\/\/montrealtips.com\/fr\/wp-json\/wp\/v2\/posts"}],"about":[{"href":"https:\/\/montrealtips.com\/fr\/wp-json\/wp\/v2\/types\/post"}],"author":[{"embeddable":true,"href":"https:\/\/montrealtips.com\/fr\/wp-json\/wp\/v2\/users\/1"}],"replies":[{"embeddable":true,"href":"https:\/\/montrealtips.com\/fr\/wp-json\/wp\/v2\/comments?post=7242"}],"version-history":[{"count":0,"href":"https:\/\/montrealtips.com\/fr\/wp-json\/wp\/v2\/posts\/7242\/revisions"}],"wp:featuredmedia":[{"embeddable":true,"href":"https:\/\/montrealtips.com\/fr\/wp-json\/wp\/v2\/media\/7243"}],"wp:attachment":[{"href":"https:\/\/montrealtips.com\/fr\/wp-json\/wp\/v2\/media?parent=7242"}],"wp:term":[{"taxonomy":"category","embeddable":true,"href":"https:\/\/montrealtips.com\/fr\/wp-json\/wp\/v2\/categories?post=7242"},{"taxonomy":"post_tag","embeddable":true,"href":"https:\/\/montrealtips.com\/fr\/wp-json\/wp\/v2\/tags?post=7242"}],"curies":[{"name":"wp","href":"https:\/\/api.w.org\/{rel}","templated":true}]}}